{"id":119,"date":"2020-08-05T11:17:16","date_gmt":"2020-08-05T11:17:16","guid":{"rendered":"http:\/\/senior.csongrad.hu\/wordpress\/?p=119"},"modified":"2020-08-06T11:00:13","modified_gmt":"2020-08-06T11:00:13","slug":"v-szolo-dulo-futoverseny","status":"publish","type":"post","link":"http:\/\/senior.csongrad.hu\/wordpress\/2020\/08\/05\/v-szolo-dulo-futoverseny\/","title":{"rendered":"V. SZ\u0150L\u0150-D\u0170L\u0150 FUT\u00d3VERSENY"},"content":{"rendered":"\t\t<div data-elementor-type=\"wp-post\" data-elementor-id=\"119\" class=\"elementor elementor-119\">\n\t\t\t\t\t\t<section class=\"elementor-section elementor-top-section elementor-element elementor-element-7b4b6c54 elementor-section-boxed elementor-section-height-default elementor-section-height-default\" data-id=\"7b4b6c54\" data-element_type=\"section\">\n\t\t\t\t\t\t<div class=\"elementor-container elementor-column-gap-default\">\n\t\t\t\t\t<div class=\"elementor-column elementor-col-100 elementor-top-column elementor-element elementor-element-4adc23d4\" data-id=\"4adc23d4\" data-element_type=\"column\">\n\t\t\t<div class=\"elementor-widget-wrap elementor-element-populated\">\n\t\t\t\t\t\t<div class=\"elementor-element elementor-element-749285e2 elementor-widget elementor-widget-text-editor\" data-id=\"749285e2\" data-element_type=\"widget\" data-widget_type=\"text-editor.default\">\n\t\t\t\t<div class=\"elementor-widget-container\">\n\t\t\t\t\t\t\t\t\t<h5><strong>2020. augusztus 22. szombat<\/strong><\/h5><p><strong>Helysz\u00edni regisztr\u00e1ci\u00f3: 8.30-9.15 <\/strong><\/p><p><strong>\u00dcnnep\u00e9lyes megnyit\u00f3: 9.30 <\/strong><\/p><p>T\u00e1vok,rajt id\u0151pontok:<\/p><p><b>Kadarka F\u00e9lmaraton futam<\/b>, 21,79 km Rajt: 9.45 <strong>Tiszafr\u00f6ccs futam,<\/strong>\u00a011,29 km Rajt: 9.45<\/p><p><strong>H\u00e1zmester\u201e J\u00f3t\u00e9konys\u00e1gi\u201d futam<\/strong> a FONI\u00e9rt!!!, 820 m<\/p><p>egy\u00e9ni, 3 f\u0151s csal\u00e1di \u00e9s 3 f\u0151s csapat verseny Rajt: 10.00<\/p><p>Erre a futamra, t\u00f6bb t\u00e1mogat\u00f3i nevez\u00e9s is leadhat\u00f3!!<\/p><p><strong>Macifr\u00f6ccs futam,<\/strong> \u00f3vod\u00e1soknak, 400 m Rajt: 10.30<\/p><p>\u00dcnnep\u00e9lyes eredm\u00e9nyhirdet\u00e9s: 12.30<\/p><p><strong>Kadarka f\u00e9lmaraton:<\/strong> 21,79 km Dob utca- Zsinor utca- G\u0151zhaj\u00f3 utca- Tisza g\u00e1t- M\u00f3ra Ferenc rakpart- k\u00f6rforgalom- \u00d6regsz\u0151l\u0151k \u00fatja-Gyula tanya (vend\u00e9gh\u00e1z)- \u00e1tk\u00f6t\u0151 \u00fat a V\u00edzl\u00e9pcs\u0151 \u00fatj\u00e1ra- V\u00edzl\u00e9pcs\u0151 \u00fatja-Feh\u00e9rkereszt d\u0171l\u0151-Horse tanya (Nigel) \u00e9s ugyanezen \u00fatvonalon vissza.\u00a0<\/p><p><strong>Tiszafr\u00f6ccs futam:<\/strong> 11,29 km Dob utca- Zsinor utca- G\u0151zhaj\u00f3 utca- Tisza g\u00e1t- M\u00f3ra Ferenc rakpart- k\u00f6rforgalom- \u00d6regsz\u0151l\u0151k \u00fatja-Gyula tanya (vend\u00e9gh\u00e1z) \u00e9s ugyanezen \u00fatvonalon vissza.<\/p><p><strong>H\u00e1zmester\u201e J\u00f3t\u00e9konys\u00e1gi\u201d futam a FONI\u00e9rt!!!:<\/strong> 820 m Dob utca- Erzs\u00e9bet utca- S\u00edp utca- F\u0151 utca- Dob utca<\/p><p><strong>Macifr\u00f6ccs futam<\/strong>, \u00f3vod\u00e1soknak: 400 m Dob utca\u00a0<\/p><p>R\u00e9szletes versenyki\u00edr\u00e1s, R\u00e9szv\u00e9teli Szab\u00e1lyzat, aktu\u00e1lis j\u00e1rv\u00e1ny\u00fcgyi felt\u00e9telek az indul\u00e1shoz, nevez\u00e9s, sz\u00fcl\u0151i nyilatkozat, a\u00a0<span style=\"font-size: inherit; text-align: inherit;\">Csongr\u00e1di Senior \u00dasz\u00f3 \u00e9s Szabadid\u0151sport Egyes\u00fclet honlapj\u00e1n!! <b>www.senior.csongrad.hu\u00a0<\/b><\/span><\/p><p><span style=\"font-size: inherit; text-align: inherit;\">B\u0151vebb t\u00e1j\u00e9koztat\u00e1s: Gergely Ildik\u00f3 szervez\u0151t\u0151l,\u00a0<\/span><\/p><p><span style=\"font-size: inherit; text-align: inherit;\">+36 30 506-9728 telefonsz\u00e1mon vagy a csongradseniorok@gmail.com c\u00edmen.<\/span><\/p><p><i><b>Let\u00f6lthet\u0151 dokumentumok:<\/b><\/i><\/p><p><a href=\"https:\/\/senior.csongrad.hu\/wordpress\/wp-content\/uploads\/2020\/08\/Adatkezel\u00e9si-Szab\u00e1lyzat.pdf\" target=\"_blank\" rel=\"noopener\">Adatkezel\u00e9si szab\u00e1lyzat<\/a><\/p><p><a href=\"https:\/\/senior.csongrad.hu\/wordpress\/wp-content\/uploads\/2020\/08\/R\u00e9szv\u00e9teli-\u00e9s-versenyszab\u00e1lyzat-2020..pdf\" target=\"_blank\" rel=\"noopener\">R\u00e9szv\u00e9teli versenyszab\u00e1lyzat<\/a><\/p><p><a href=\"https:\/\/senior.csongrad.hu\/wordpress\/wp-content\/uploads\/2020\/08\/csapat-csal\u00e1d-nevez\u00e9si-lap-2020.docx\" target=\"_blank\" rel=\"noopener\">Csapat &#8211; csal\u00e1d nevez\u00e9si lap<\/a><\/p><p><a href=\"https:\/\/senior.csongrad.hu\/wordpress\/wp-content\/uploads\/2020\/08\/helysz\u00edni-nevlap-egy\u00e9ni.doc\" target=\"_blank\" rel=\"noopener\">Helysz\u00edni, egy\u00e9ni nevez\u00e9si lap<\/a><\/p><p><a href=\"https:\/\/senior.csongrad.hu\/wordpress\/wp-content\/uploads\/2020\/08\/sz\u00fcl\u0151i-nyilatkozat-nevez\u00e9si-lap-2020.docx\" target=\"_blank\" rel=\"noopener\">Sz\u00fcl\u0151i nyilatkozat &#8211; nevez\u00e9si lap<\/a><\/p><h4>T\u00e9rk\u00e9pek:<\/h4><p><b>V. Sz\u0151l\u0151-D\u0171l\u0151 fut\u00f3verseny\u00a0<\/b><\/p><p>Tiszafr\u00f6ccs futam 8\/22\/2020:<\/p><p><a href=\"http:\/\/www.futoterkep.hu\/futas\/983dui7\/\">http:\/\/www.futoterkep.hu\/futas\/983dui7\/<\/a><\/p><p style=\"font-size: 21px; text-align: left;\">Kadarka &#8211; f\u00e9lmaraton futam 8\/22\/2020:<\/p><p style=\"font-size: 21px; text-align: left;\"><a href=\"http:\/\/www.futoterkep.hu\/futas\/983dui8\/\">http:\/\/www.futoterkep.hu\/futas\/983dui8\/<\/a><\/p><p style=\"font-size: 21px; text-align: left;\">H\u00e1zmester &#8222;J\u00f3t\u00e9konys\u00e1gi futam&#8221; 8\/22\/2020<\/p><p style=\"font-size: 21px; text-align: left;\"><a href=\"http:\/\/www.futoterkep.hu\/futas\/983duia\/\">http:\/\/www.futoterkep.hu\/futas\/983duia\/<\/a><\/p>\t\t\t\t\t\t\t\t<\/div>\n\t\t\t\t<\/div>\n\t\t\t\t\t<\/div>\n\t\t<\/div>\n\t\t\t\t\t<\/div>\n\t\t<\/section>\n\t\t\t\t<section class=\"elementor-section elementor-top-section elementor-element elementor-element-acf5a63 elementor-section-boxed elementor-section-height-default elementor-section-height-default\" data-id=\"acf5a63\" data-element_type=\"section\">\n\t\t\t\t\t\t<div class=\"elementor-container elementor-column-gap-default\">\n\t\t\t\t\t<div class=\"elementor-column elementor-col-100 elementor-top-column elementor-element elementor-element-581df48\" data-id=\"581df48\" data-element_type=\"column\">\n\t\t\t<div class=\"elementor-widget-wrap elementor-element-populated\">\n\t\t\t\t\t\t<div class=\"elementor-element elementor-element-d4c2404 elementor-align-center elementor-widget elementor-widget-button\" data-id=\"d4c2404\" data-element_type=\"widget\" data-widget_type=\"button.default\">\n\t\t\t\t<div class=\"elementor-widget-container\">\n\t\t\t\t\t\t\t\t\t<div class=\"elementor-button-wrapper\">\n\t\t\t\t\t<a class=\"elementor-button elementor-button-link elementor-size-sm\" href=\"https:\/\/docs.google.com\/forms\/d\/e\/1FAIpQLSeCKqTQMukOf3dBEzLWUFZwvim3p-mL2sD8syhqwIu2bBAxXg\/viewform?fbclid=IwAR0EKPPhifFgaAAUUAKlpPArcOjFLvg2sCcyXjkIJkNKDnMCKy9GfySm3es\" target=\"_blank\">\n\t\t\t\t\t\t<span class=\"elementor-button-content-wrapper\">\n\t\t\t\t\t\t\t\t\t<span class=\"elementor-button-text\">Nevez\u00e9s<\/span>\n\t\t\t\t\t<\/span>\n\t\t\t\t\t<\/a>\n\t\t\t\t<\/div>\n\t\t\t\t\t\t\t\t<\/div>\n\t\t\t\t<\/div>\n\t\t\t\t\t<\/div>\n\t\t<\/div>\n\t\t\t\t\t<\/div>\n\t\t<\/section>\n\t\t\t\t<\/div>\n\t\t","protected":false},"excerpt":{"rendered":"<p>2020. augusztus 22. szombat Helysz\u00edni regisztr\u00e1ci\u00f3: 8.30-9.15 \u00dcnnep\u00e9lyes megnyit\u00f3: 9.30 T\u00e1vok,rajt id\u0151pontok: Kadarka F\u00e9lmaraton futam, 21,79 km Rajt: 9.45 Tiszafr\u00f6ccs futam,\u00a011,29 km Rajt: 9.45 H\u00e1zmester\u201e J\u00f3t\u00e9konys\u00e1gi\u201d futam a FONI\u00e9rt!!!, 820 m egy\u00e9ni, 3 f\u0151s csal\u00e1di \u00e9s 3 f\u0151s csapat verseny Rajt: 10.00 Erre a futamra, t\u00f6bb t\u00e1mogat\u00f3i nevez\u00e9s is leadhat\u00f3!! Macifr\u00f6ccs futam, \u00f3vod\u00e1soknak, 400 m [&hellip;]<\/p>\n","protected":false},"author":1,"featured_media":120,"comment_status":"closed","ping_status":"closed","sticky":false,"template":"","format":"standard","meta":{"footnotes":""},"categories":[6],"tags":[],"class_list":["post-119","post","type-post","status-publish","format-standard","has-post-thumbnail","hentry","category-futoverseny"],"_links":{"self":[{"href":"http:\/\/senior.csongrad.hu\/wordpress\/wp-json\/wp\/v2\/posts\/119","targetHints":{"allow":["GET"]}}],"collection":[{"href":"http:\/\/senior.csongrad.hu\/wordpress\/wp-json\/wp\/v2\/posts"}],"about":[{"href":"http:\/\/senior.csongrad.hu\/wordpress\/wp-json\/wp\/v2\/types\/post"}],"author":[{"embeddable":true,"href":"http:\/\/senior.csongrad.hu\/wordpress\/wp-json\/wp\/v2\/users\/1"}],"replies":[{"embeddable":true,"href":"http:\/\/senior.csongrad.hu\/wordpress\/wp-json\/wp\/v2\/comments?post=119"}],"version-history":[{"count":11,"href":"http:\/\/senior.csongrad.hu\/wordpress\/wp-json\/wp\/v2\/posts\/119\/revisions"}],"predecessor-version":[{"id":547,"href":"http:\/\/senior.csongrad.hu\/wordpress\/wp-json\/wp\/v2\/posts\/119\/revisions\/547"}],"wp:featuredmedia":[{"embeddable":true,"href":"http:\/\/senior.csongrad.hu\/wordpress\/wp-json\/wp\/v2\/media\/120"}],"wp:attachment":[{"href":"http:\/\/senior.csongrad.hu\/wordpress\/wp-json\/wp\/v2\/media?parent=119"}],"wp:term":[{"taxonomy":"category","embeddable":true,"href":"http:\/\/senior.csongrad.hu\/wordpress\/wp-json\/wp\/v2\/categories?post=119"},{"taxonomy":"post_tag","embeddable":true,"href":"http:\/\/senior.csongrad.hu\/wordpress\/wp-json\/wp\/v2\/tags?post=119"}],"curies":[{"name":"wp","href":"https:\/\/api.w.org\/{rel}","templated":true}]}}