{"id":243,"date":"2020-03-16T08:00:37","date_gmt":"2020-03-16T08:00:37","guid":{"rendered":"http:\/\/senior.csongrad.hu\/wordpress\/?p=243"},"modified":"2020-10-29T10:20:48","modified_gmt":"2020-10-29T10:20:48","slug":"konditermes-mozgasok-szuneteltetese-virushelyzet","status":"publish","type":"post","link":"http:\/\/senior.csongrad.hu\/wordpress\/2020\/03\/16\/konditermes-mozgasok-szuneteltetese-virushelyzet\/","title":{"rendered":"Konditermes mozg\u00e1sok sz\u00fcneteltet\u00e9se &#8211; V\u00edrushelyzet"},"content":{"rendered":"\t\t<div data-elementor-type=\"wp-post\" data-elementor-id=\"243\" class=\"elementor elementor-243\">\n\t\t\t\t\t\t<section class=\"elementor-section elementor-top-section elementor-element elementor-element-edaf3b8 elementor-section-boxed elementor-section-height-default elementor-section-height-default\" data-id=\"edaf3b8\" data-element_type=\"section\">\n\t\t\t\t\t\t<div class=\"elementor-container elementor-column-gap-default\">\n\t\t\t\t\t<div class=\"elementor-column elementor-col-100 elementor-top-column elementor-element elementor-element-7f106b2\" data-id=\"7f106b2\" data-element_type=\"column\">\n\t\t\t<div class=\"elementor-widget-wrap elementor-element-populated\">\n\t\t\t\t\t\t<div class=\"elementor-element elementor-element-22895f6 elementor-widget elementor-widget-text-editor\" data-id=\"22895f6\" data-element_type=\"widget\" data-widget_type=\"text-editor.default\">\n\t\t\t\t<div class=\"elementor-widget-container\">\n\t\t\t\t\t\t\t\t\t<p>A jelenlegi j\u00e1rv\u00e1ny\u00fcgyi helyzet miatt a konditermi foglalkoz\u00e1sokat felf\u00fcggesztj\u00fck.<br \/>K\u00e9rj\u00fck sz\u00edves meg\u00e9rt\u00e9s\u00fcket!!<br \/>A lehets\u00e9ges \u00fajra indul\u00e1sr\u00f3l \u00e9rtes\u00edt\u00e9sj\u00fck az \u00e9rdekl\u0151d\u0151ket!!<\/p>\t\t\t\t\t\t\t\t<\/div>\n\t\t\t\t<\/div>\n\t\t\t\t\t<\/div>\n\t\t<\/div>\n\t\t\t\t\t<\/div>\n\t\t<\/section>\n\t\t\t\t<\/div>\n\t\t","protected":false},"excerpt":{"rendered":"<p>A jelenlegi j\u00e1rv\u00e1ny\u00fcgyi helyzet miatt a konditermi foglalkoz\u00e1sokat felf\u00fcggesztj\u00fck. K\u00e9rj\u00fck sz\u00edves meg\u00e9rt\u00e9s\u00fcket!! A lehets\u00e9ges \u00fajra indul\u00e1sr\u00f3l \u00e9rtes\u00edt\u00e9sj\u00fck az \u00e9rdekl\u0151d\u0151ket!!<\/p>\n","protected":false},"author":1,"featured_media":183,"comment_status":"closed","ping_status":"closed","sticky":false,"template":"","format":"standard","meta":{"footnotes":""},"categories":[1],"tags":[],"class_list":["post-243","post","type-post","status-publish","format-standard","has-post-thumbnail","hentry","category-egyeb"],"_links":{"self":[{"href":"http:\/\/senior.csongrad.hu\/wordpress\/wp-json\/wp\/v2\/posts\/243","targetHints":{"allow":["GET"]}}],"collection":[{"href":"http:\/\/senior.csongrad.hu\/wordpress\/wp-json\/wp\/v2\/posts"}],"about":[{"href":"http:\/\/senior.csongrad.hu\/wordpress\/wp-json\/wp\/v2\/types\/post"}],"author":[{"embeddable":true,"href":"http:\/\/senior.csongrad.hu\/wordpress\/wp-json\/wp\/v2\/users\/1"}],"replies":[{"embeddable":true,"href":"http:\/\/senior.csongrad.hu\/wordpress\/wp-json\/wp\/v2\/comments?post=243"}],"version-history":[{"count":3,"href":"http:\/\/senior.csongrad.hu\/wordpress\/wp-json\/wp\/v2\/posts\/243\/revisions"}],"predecessor-version":[{"id":246,"href":"http:\/\/senior.csongrad.hu\/wordpress\/wp-json\/wp\/v2\/posts\/243\/revisions\/246"}],"wp:featuredmedia":[{"embeddable":true,"href":"http:\/\/senior.csongrad.hu\/wordpress\/wp-json\/wp\/v2\/media\/183"}],"wp:attachment":[{"href":"http:\/\/senior.csongrad.hu\/wordpress\/wp-json\/wp\/v2\/media?parent=243"}],"wp:term":[{"taxonomy":"category","embeddable":true,"href":"http:\/\/senior.csongrad.hu\/wordpress\/wp-json\/wp\/v2\/categories?post=243"},{"taxonomy":"post_tag","embeddable":true,"href":"http:\/\/senior.csongrad.hu\/wordpress\/wp-json\/wp\/v2\/tags?post=243"}],"curies":[{"name":"wp","href":"https:\/\/api.w.org\/{rel}","templated":true}]}}